{"id":3029,"date":"2022-12-29T19:46:10","date_gmt":"2022-12-29T18:46:10","guid":{"rendered":"https:\/\/bilaportrety.eu\/?p=3029"},"modified":"2022-12-29T19:46:12","modified_gmt":"2022-12-29T18:46:12","slug":"vystava-portretu-a-obrazu-trnava-2016","status":"publish","type":"post","link":"https:\/\/bilaportrety.eu\/cs\/2022\/12\/29\/vystava-portretu-a-obrazu-trnava-2016\/","title":{"rendered":",,V\u00fdstava portr\u00e9t\u016f a obraz\u016f&#8220; Trnava (2016)"},"content":{"rendered":"\n<figure class=\"wp-block-image size-full\"><img loading=\"lazy\" decoding=\"async\" width=\"420\" height=\"595\" src=\"https:\/\/bilaportrety.eu\/wp-content\/uploads\/2022\/12\/pozvanka3.jpg\" alt=\"\" class=\"wp-image-3030\" srcset=\"https:\/\/bilaportrety.eu\/wp-content\/uploads\/2022\/12\/pozvanka3.jpg 420w, https:\/\/bilaportrety.eu\/wp-content\/uploads\/2022\/12\/pozvanka3-212x300.jpg 212w, https:\/\/bilaportrety.eu\/wp-content\/uploads\/2022\/12\/pozvanka3-8x12.jpg 8w\" sizes=\"auto, (max-width: 420px) 100vw, 420px\" \/><\/figure>\n","protected":false},"excerpt":{"rendered":"","protected":false},"author":2,"featured_media":0,"comment_status":"open","ping_status":"open","sticky":false,"template":"","format":"standard","meta":{"om_disable_all_campaigns":false,"site-sidebar-layout":"default","site-content-layout":"default","ast-global-header-display":"","ast-main-header-display":"","ast-hfb-above-header-display":"","ast-hfb-below-header-display":"","ast-hfb-mobile-header-display":"","site-post-title":"","ast-breadcrumbs-content":"","ast-featured-img":"","footer-sml-layout":"","theme-transparent-header-meta":"","adv-header-id-meta":"","stick-header-meta":"","header-above-stick-meta":"","header-main-stick-meta":"","header-below-stick-meta":"","footnotes":""},"categories":[1],"tags":[],"class_list":["post-3029","post","type-post","status-publish","format-standard","hentry","category-uncategorized"],"aioseo_notices":[],"_links":{"self":[{"href":"https:\/\/bilaportrety.eu\/cs\/wp-json\/wp\/v2\/posts\/3029","targetHints":{"allow":["GET"]}}],"collection":[{"href":"https:\/\/bilaportrety.eu\/cs\/wp-json\/wp\/v2\/posts"}],"about":[{"href":"https:\/\/bilaportrety.eu\/cs\/wp-json\/wp\/v2\/types\/post"}],"author":[{"embeddable":true,"href":"https:\/\/bilaportrety.eu\/cs\/wp-json\/wp\/v2\/users\/2"}],"replies":[{"embeddable":true,"href":"https:\/\/bilaportrety.eu\/cs\/wp-json\/wp\/v2\/comments?post=3029"}],"version-history":[{"count":1,"href":"https:\/\/bilaportrety.eu\/cs\/wp-json\/wp\/v2\/posts\/3029\/revisions"}],"predecessor-version":[{"id":3031,"href":"https:\/\/bilaportrety.eu\/cs\/wp-json\/wp\/v2\/posts\/3029\/revisions\/3031"}],"wp:attachment":[{"href":"https:\/\/bilaportrety.eu\/cs\/wp-json\/wp\/v2\/media?parent=3029"}],"wp:term":[{"taxonomy":"category","embeddable":true,"href":"https:\/\/bilaportrety.eu\/cs\/wp-json\/wp\/v2\/categories?post=3029"},{"taxonomy":"post_tag","embeddable":true,"href":"https:\/\/bilaportrety.eu\/cs\/wp-json\/wp\/v2\/tags?post=3029"}],"curies":[{"name":"wp","href":"https:\/\/api.w.org\/{rel}","templated":true}]}}